{"@context":"https:\/\/schema.org\/","@type":"CollectionPage","@id":"https:\/\/www.ruefa.sk\/politika\/#CollectionPage","headline":"Politika Category","description":"","url":"https:\/\/www.ruefa.sk\/politika\/","hasPart":[{"@type":"Article","@id":"https:\/\/www.ruefa.sk\/obcania-nemaju-zaujem-o-politiku\/","headline":"Ob\u010dania nemaj\u00fa z\u00e1ujem o politiku","url":"https:\/\/www.ruefa.sk\/obcania-nemaju-zaujem-o-politiku\/","datePublished":"2023-10-16","dateModified":"2023-10-16","mainEntityOfPage":"https:\/\/www.ruefa.sk\/obcania-nemaju-zaujem-o-politiku\/","author":{"@type":"Person","@id":"https:\/\/www.ruefa.sk\/author\/#Person","name":"","url":"https:\/\/www.ruefa.sk\/author\/","identifier":1,"image":{"@type":"ImageObject","@id":"https:\/\/secure.gravatar.com\/avatar\/670235c08005d2f1b80a3d56a421809661de47ce0289bd1c93d0120f6ef211a4?s=96&d=mm&r=g","url":"https:\/\/secure.gravatar.com\/avatar\/670235c08005d2f1b80a3d56a421809661de47ce0289bd1c93d0120f6ef211a4?s=96&d=mm&r=g","height":96,"width":96}},"publisher":{"@type":"Organization","name":"ruefa.sk","logo":{"@type":"ImageObject","@id":"\/logo.png","url":"\/logo.png","width":600,"height":60}},"image":{"@type":"ImageObject","@id":"https:\/\/www.ruefa.sk\/wp-content\/uploads\/slovakia-1413262_640.jpg","url":"https:\/\/www.ruefa.sk\/wp-content\/uploads\/slovakia-1413262_640.jpg","height":0,"width":0},"keywords":null}]}