[{"@context":"https:\/\/schema.org\/","@type":"Article","@id":"https:\/\/www.ruefa.sk\/vetrat-vetrat\/#Article","mainEntityOfPage":"https:\/\/www.ruefa.sk\/vetrat-vetrat\/","headline":"Vetra\u0165 vetra\u0165!","name":"Vetra\u0165 vetra\u0165!","description":"Medzin\u00e1rodn\u00e9 zdravotn\u00edcke in\u0161tit\u00facie oni vlastne odpor\u00fa\u010daj\u00fa udr\u017eiava\u0165 v interi\u00e9ri\u00a0teplotu pod 32 stup\u0148ov cez de\u0148 a v noci by nemala by\u0165 v byte teplota vy\u0161\u0161ia ako je 24 stup\u0148ov. V prvom rade by sa teplota mala regulova\u0165 kde s\u00fa mal\u00e9 deti \u010di seniori na 60 rokov a chronick\u00fd chor\u00fdch \u013eud\u00ed. No \u013e\u00fabila by som vidie\u0165 ako [&hellip;]","datePublished":"2023-12-19","dateModified":"2023-12-19","author":{"@type":"Person","@id":"https:\/\/www.ruefa.sk\/author\/#Person","name":"","url":"https:\/\/www.ruefa.sk\/author\/","identifier":1,"image":{"@type":"ImageObject","@id":"https:\/\/secure.gravatar.com\/avatar\/670235c08005d2f1b80a3d56a421809661de47ce0289bd1c93d0120f6ef211a4?s=96&d=mm&r=g","url":"https:\/\/secure.gravatar.com\/avatar\/670235c08005d2f1b80a3d56a421809661de47ce0289bd1c93d0120f6ef211a4?s=96&d=mm&r=g","height":96,"width":96}},"publisher":{"@type":"Organization","name":"ruefa.sk","logo":{"@type":"ImageObject","@id":"\/logo.png","url":"\/logo.png","width":600,"height":60}},"image":{"@type":"ImageObject","@id":"https:\/\/www.ruefa.sk\/wp-content\/uploads\/architectural-model-8806618_640_4.jpg","url":"https:\/\/www.ruefa.sk\/wp-content\/uploads\/architectural-model-8806618_640_4.jpg","height":0,"width":0},"url":"https:\/\/www.ruefa.sk\/vetrat-vetrat\/","about":["Veda"],"wordCount":493,"articleBody":"Medzin\u00e1rodn\u00e9 zdravotn\u00edcke in\u0161tit\u00facie oni vlastne odpor\u00fa\u010daj\u00fa udr\u017eiava\u0165 v interi\u00e9ri\u00a0teplotu pod 32 stup\u0148ov cez de\u0148 a v noci by nemala by\u0165 v byte teplota vy\u0161\u0161ia ako je 24 stup\u0148ov. V prvom rade by sa teplota mala regulova\u0165 kde s\u00fa mal\u00e9 deti \u010di seniori na 60 rokov a chronick\u00fd chor\u00fdch \u013eud\u00ed. No \u013e\u00fabila by som vidie\u0165 ako vetraj\u00fa v \u0161pit\u00e1loch tam je to zadebnen\u00e9 ako som mala ob\u010das vidie\u0165 v lete. Nu\u017e ani \u013eudia nevetraj\u00fa vid sused zatiahnut\u00e9 rolety a na tom tmav\u00fa ako z\u00e1clonu des my m\u00e1me na juh okna m\u00e1m hlin\u00edkov\u00e9 \u017eal\u00fazie ale hor\u0161ie \u017ee ich m\u00e1me oto\u010dn\u00e9 na juh a m\u00e1me \u017eal\u00fazie cez de\u0148 zatiahnut\u00e9 ale vetr\u00e1m st\u00e1le a ide n\u00e1m ventil\u00e1tor v kuse. Ne\u010dudujem sa \u017ee bytovky s\u00fa zelen\u00e9 z vonka ke\u010f ani \u013eudia nevetraj\u00fa a maj\u00fa plese\u0148 vo vn\u00fatri a smrad. Treba sa nau\u010di\u0165 vetra\u0165! Ale po\u010fme \u010falej \u010do je zdrav\u0161ie. Tzv. domovy aj pracovisk\u00e1 ako by sa mali zabezpe\u010di\u0165 pred hor\u00fa\u010davami. Najlep\u0161ie je pou\u017ei\u0165 rolety alebo \u017eal\u00fazie pred slne\u010dn\u00fdmi l\u00fa\u010dmi. Malo by by\u0165 odpojen\u00e9 elektronick\u00e9 zariadenia pokia\u013e samozrejme to nie nevyhnutn\u00e9 aby i\u0161li aj cez to m\u00f4\u017ee s\u00e1la\u0165 teplo. \u010co je to klimatiz\u00e1cia aj pri tom ke\u010f to pou\u017e\u00edvame m\u00e1me pozatv\u00e1ra\u0165 okn\u00e1 aj dvere no zadusi\u0165 sa od tepla ja to v\u00f4bec by som nepou\u017eila. Mimochodom to mus\u00edte e\u0161te aj \u010disti\u0165 d\u00f4kladne lebo \u010do sa upchaj\u00fa tie prieduchy v kl\u00edme keby ste to ne\u010distili v\u0161etko \u010do sa tam nachyt\u00e1 by i\u0161lo do vzduchu a to je \u0161kodliv\u00e9. Nejde mi teraz o \u010distenie klimatiz\u00e1cie ale u niektor\u00fdch \u013eud\u00ed to m\u00f4\u017ee sp\u00f4sobi\u0165 alergie \u010di z\u00e1pal pr\u00ednosov\u00fdch dut\u00edn. A e\u0161te jedna vec ke\u010f silno nastav\u00edte klimatiz\u00e1ciu a idete von teplotn\u00fd \u0161ok. \u010ci\u017ee vo vn\u00fatri zima a vonku hor\u00faco m\u00f4\u017ee to vyvola\u0165 r\u00f4zne reakcie. Aj ventil\u00e1tor je treba pou\u017e\u00edva\u0165 rozumne nie priamo do tv\u00e1re. Najlep\u0161ie je ur\u010dit\u00fdch intervaloch vetra\u0165 skoro r\u00e1no nie\u010do cez obed a na ve\u010der. My m\u00e1me cel\u00fd de\u0148 okn\u00e1 otvoren\u00e9\u00a0a \u017eal\u00fazie zatiahnut\u00e9. Ale aj ke\u010f ide teplo dnu ale m\u00e1m aspo\u0148 \u010derstv\u00fd vzduch v byte. Keby sa sem dali da\u0165 s\u00fakromn\u00e9 fotky prilo\u017e\u00edm ich. \u013dudia maj\u00fa v bytoch prepoten\u00fd smrad! Vetra\u0165 ale nie cez vetr\u00e1k ale dokor\u00e1n okn\u00e1! Tam kde nechod\u00ed slnko chod\u00ed lek\u00e1r! Aj \u013eudia \u010do pracuj\u00fa vo firm\u00e1ch \u010di vo fabrike mali by ma\u0165 skr\u00e1ten\u00fa pracovn\u00fa dobu cez hor\u00fa\u010davy. No ka\u017ed\u00fd si uv\u00e1\u017ei pod\u013ea seba zaiste. Ale rozhodne odpor\u00fa\u010dam d\u00f4kladne vetra\u0165. My vetr\u00e1me po cel\u00fd rok! Cez otvoren\u00e9 okn\u00e1.\u00a0                                                                                                                                                                                                                                                                                                                                                                                        4.4\/5 - (8 votes)        "},{"@context":"https:\/\/schema.org\/","@type":"BreadcrumbList","itemListElement":[{"@type":"ListItem","position":1,"name":"Vetra\u0165 vetra\u0165!","item":"https:\/\/www.ruefa.sk\/vetrat-vetrat\/#breadcrumbitem"}]}]